{"id":1878,"date":"2021-06-10T02:54:10","date_gmt":"2021-06-10T02:54:10","guid":{"rendered":"https:\/\/neworkar.com\/?p=1878"},"modified":"2021-08-03T14:53:05","modified_gmt":"2021-08-03T14:53:05","slug":"lo-importante-no-es-tener-la-tecnologia-sino-saber-como-usarla","status":"publish","type":"post","link":"https:\/\/neworkar.com.ar\/site\/lo-importante-no-es-tener-la-tecnologia-sino-saber-como-usarla\/","title":{"rendered":"Lo importante no es tener la tecnolog\u00eda sino, saber c\u00f3mo usarla"},"content":{"rendered":"\n<p>Por<strong> Lic. Oscar Villafuerte Cipriano<\/strong><\/p>\n\n\n\n<p><em>\u00bfChe y si compramos esa maquinita?<\/em><\/p>\n\n\n\n<p><em>Nos vendr\u00eda bien tener esa tecnolog\u00eda<\/em><\/p>\n\n\n\n<p><em>Ese Robot aumentar\u00eda nuestra producci\u00f3n<\/em><\/p>\n\n\n\n<p>Estas son algunas dudas y afirmaciones que surgen al momento de querer incorporar tecnolog\u00eda, de todo tipo, a tu organizaci\u00f3n.&nbsp;<\/p>\n\n\n\n<p>Pero \u00bfest\u00e1 tu organizaci\u00f3n preparada para afrontar esta transformaci\u00f3n? \u00bfcont\u00e1s con procesos de operaci\u00f3n que soporten esta tecnolog\u00eda? \u00bfTen\u00e9s instrumentos para medir el impacto de estos cambios? \u00bftu gente est\u00e1 capacitada y acompa\u00f1a estas transformaciones?.<\/p>\n\n\n\n<p>Creemos que la incorporaci\u00f3n de tecnolog\u00eda a la pyme, trae aparejado un sinf\u00edn de cuestiones particulares, muchas veces, no tenidas en cuenta, y que impacta en diversos \u00e1mbitos, procesos, estructuras, aspecto humano-relacional; por solo mencionar algunos ejemplos. Tenemos que tener una visi\u00f3n hol\u00edstica y sistem\u00e1tica, el movimiento en alguna de las piezas del rompecabezas, generar\u00e1 impacto en las dem\u00e1s, por lo tanto en el todo.<\/p>\n\n\n\n<p>Aqu\u00ed te mostramos algunas cuestiones fundamentales a tener en cuenta al implantar tecnolog\u00eda en tu empresa, que tienen que ver m\u00e1s con lo <strong>no tecnol\u00f3gico<\/strong>:<\/p>\n\n\n\n<p><strong>El Para qu\u00e9<\/strong><\/p>\n\n\n\n<p>Siempre que se piense en incorporar tecnolog\u00eda a la organizaci\u00f3n tenemos que preguntarnos para qu\u00e9 queremos incorporarla realmente.<\/p>\n\n\n\n<p>A su vez \u00e9sta debe estar alineada y servir como catalizador de la estrategia organizacional. Debe permitir acercarse de manera eficaz, eficiente y simple al puerto deseado, impulsando tus fortalezas, inhibiendo debilidades y en busca de oportunidades, que te permitan obtener ese diferencial distintivo y sostenible en tu entorno competitivo. Es aqu\u00ed d\u00f3nde el an\u00e1lisis general depende de cada organizaci\u00f3n y sus caracter\u00edsticas particulares; y lo que se busca con la incorporaci\u00f3n de herramientas tecnol\u00f3gicas.<\/p>\n\n\n\n<p><strong>La Transformaci\u00f3n empieza por dentro<\/strong><\/p>\n\n\n\n<p>Muchas veces se cree que con la compra o incorporaci\u00f3n de tecnolog\u00eda, tendremos toda la soluci\u00f3n, o casi toda. Entonces incorporamos tecnolog\u00eda y al final terminamos haciendo lo mismo que antes. Las verdaderas transformaciones requieren de, primero&nbsp; <strong>pensar<\/strong> y luego, <strong>hacer distinto<\/strong>. Entonces es fundamental una transformaci\u00f3n de nuestros modelos mentales y las forma de observar, esto traer\u00e1 aparejado formas distintas del hacer. Una transformaci\u00f3n evolutiva, un c\u00edrculo virtuoso de pensar, hacer, medir, aprender y reaprender. Lo que se busca entonces, tiene que ser un cambio de mentalidad que conlleve un cambio de h\u00e1bitos culturales sostenibles en el tiempo y para eso se requiere el involucramiento de tu equipo completo.<\/p>\n\n\n\n<p><strong>Primero, tu gente<\/strong><\/p>\n\n\n\n<p>Las organizaciones est\u00e1n formadas por personas, todos los procesos de cambio abarcan 2 grandes niveles: organizacional (estructura, tecnologico, procesos, etc) e individuo\/persona, \u00e9stas \u00faltimas son quienes llevan adelante las transformaciones.<\/p>\n\n\n\n<p>Entonces va a depender de c\u00f3mo las personas piensan, se sienten y act\u00faan. Por lo que es prioritario incorporar a las personas, generar \u00e1mbitos de participaci\u00f3n y compromiso, teniendo en cuenta lo siguiente:<\/p>\n\n\n\n<ol class=\"wp-block-list\"><li><strong>Voluntad<\/strong>: \u00bfquieren y tiene la voluntad de hacerlo?. Para lograr el cambio, las personas necesitan ser escuchadas y que se tomen en cuenta sus puntos de vista, en definitiva son quienes est\u00e1n en el puesto de trabajo y tiene ese conocimiento adquirido.<\/li><li><strong>Conocimiento<\/strong>: \u00bfTienen el conocimiento necesario para llevar adelante estos cambios o necesitan de un periodo de capacitaci\u00f3n?.<\/li><li><strong>Herramientas:<\/strong> \u00bftienen las herramientas necesarias para realizarlo?<\/li><\/ol>\n\n\n\n<p><strong>El Plan y el Impacto buscado<\/strong><\/p>\n\n\n\n<p>Tenemos que tener en claro lo que se busca con la incorporaci\u00f3n de la tecnolog\u00eda, para ellos se debe desarrollar un plan que tenga en cuenta:<\/p>\n\n\n\n<ol class=\"wp-block-list\"><li>El An\u00e1lisis Estrat\u00e9gico global<\/li><li>Objetivo, resultados esperados y criterios de evaluaci\u00f3n<\/li><li>B\u00fasqueda de Alternativas<\/li><li>Evaluaci\u00f3n, selecci\u00f3n y justificaci\u00f3n. An\u00e1lisis de riesgos<\/li><li>Cronograma de implementaci\u00f3n y responsables.<\/li><li>Manos a la Obra<\/li><li>Control y Evaluaci\u00f3n<\/li><\/ol>\n\n\n\n<p><strong>En definitiva, incorporar tecnolog\u00eda requiere de un an\u00e1lisis global y que tenga en cuenta aspectos No Tecnol\u00f3gicos para aprovechar y potenciar sus beneficios y que nos permitan introducirnos en el mundo 4.0.<\/strong><\/p>\n","protected":false},"excerpt":{"rendered":"<p>Por Lic. Oscar Villafuerte Cipriano \u00bfChe y si compramos esa maquinita? Nos vendr\u00eda bien tener esa tecnolog\u00eda Ese Robot aumentar\u00eda nuestra producci\u00f3n Estas son algunas dudas y afirmaciones que surgen&hellip;<\/p>\n","protected":false},"author":2,"featured_media":1893,"comment_status":"open","ping_status":"open","sticky":false,"template":"","format":"standard","meta":{"_joinchat":[],"footnotes":""},"categories":[10],"tags":[],"class_list":["post-1878","post","type-post","status-publish","format-standard","has-post-thumbnail","hentry","category-tecnologia"],"_links":{"self":[{"href":"https:\/\/neworkar.com.ar\/site\/wp-json\/wp\/v2\/posts\/1878"}],"collection":[{"href":"https:\/\/neworkar.com.ar\/site\/wp-json\/wp\/v2\/posts"}],"about":[{"href":"https:\/\/neworkar.com.ar\/site\/wp-json\/wp\/v2\/types\/post"}],"author":[{"embeddable":true,"href":"https:\/\/neworkar.com.ar\/site\/wp-json\/wp\/v2\/users\/2"}],"replies":[{"embeddable":true,"href":"https:\/\/neworkar.com.ar\/site\/wp-json\/wp\/v2\/comments?post=1878"}],"version-history":[{"count":2,"href":"https:\/\/neworkar.com.ar\/site\/wp-json\/wp\/v2\/posts\/1878\/revisions"}],"predecessor-version":[{"id":1891,"href":"https:\/\/neworkar.com.ar\/site\/wp-json\/wp\/v2\/posts\/1878\/revisions\/1891"}],"wp:featuredmedia":[{"embeddable":true,"href":"https:\/\/neworkar.com.ar\/site\/wp-json\/wp\/v2\/media\/1893"}],"wp:attachment":[{"href":"https:\/\/neworkar.com.ar\/site\/wp-json\/wp\/v2\/media?parent=1878"}],"wp:term":[{"taxonomy":"category","embeddable":true,"href":"https:\/\/neworkar.com.ar\/site\/wp-json\/wp\/v2\/categories?post=1878"},{"taxonomy":"post_tag","embeddable":true,"href":"https:\/\/neworkar.com.ar\/site\/wp-json\/wp\/v2\/tags?post=1878"}],"curies":[{"name":"wp","href":"https:\/\/api.w.org\/{rel}","templated":true}]}}